{"id":7163,"date":"2024-07-02T09:54:42","date_gmt":"2024-07-02T07:54:42","guid":{"rendered":"https:\/\/mssdefence.com\/?post_type=blog&#038;p=7163"},"modified":"2024-07-02T09:54:42","modified_gmt":"2024-07-02T07:54:42","slug":"a-megfelelo-katonai-sator-kivalasztasa-gyakorlati-utmutato","status":"publish","type":"blog","link":"https:\/\/mssdefence.com\/hu\/blog\/choosing-the-right-military-tent-a-practical-guide\/","title":{"rendered":"A megfelel\u0151 katonai s\u00e1tor kiv\u00e1laszt\u00e1sa: Gyakorlati \u00fatmutat\u00f3"},"content":{"rendered":"<p><span style=\"font-weight: 400;\">A katonai m\u0171veletek az emberi t\u0171r\u0151k\u00e9pess\u00e9g hat\u00e1rait feszegetik. A zord k\u00f6rnyezet, az ig\u00e9nyes k\u00fcldet\u00e9sek \u00e9s a folyamatosan v\u00e1ltoz\u00f3 forgat\u00f3k\u00f6nyvek speci\u00e1lis felszerel\u00e9st ig\u00e9nyelnek. E felszerel\u00e9s egyik kulcsfontoss\u00e1g\u00fa darabja a <a href=\"https:\/\/mssdefence.com\/hu\/tarolja\/vedelmi-elemek\/szallas\/\">a katonai s\u00e1tor<\/a>. A megfelel\u0151 s\u00e1tor hat\u00e1ssal lehet a misszi\u00f3 siker\u00e9re, mivel a csapatok sz\u00e1m\u00e1ra a bevet\u00e9sek, a kik\u00e9pz\u00e9s \u00e9s a terepgyakorlatok sor\u00e1n nagyon sz\u00fcks\u00e9ges mened\u00e9ket biztos\u00edt. Ez az \u00fatmutat\u00f3 a katonai beszerz\u00e9si szakembereknek a kulcsfontoss\u00e1g\u00fa t\u00e9nyez\u0151kkel foglalkozik, amelyeket figyelembe kell venni\u00fck, amikor kiv\u00e1lasztj\u00e1k az optim\u00e1lis katonai s\u00e1trakat a csapataik sz\u00e1m\u00e1ra.<\/span><\/p>\n<h2><span style=\"font-weight: 400;\">Alapvet\u0151 megfontol\u00e1sok a katonai s\u00e1tor kiv\u00e1laszt\u00e1s\u00e1hoz<\/span><\/h2>\n<h5><b>M\u00e9ret \u00e9s kapacit\u00e1s<\/b><\/h5>\n<p><b>Csapatsz\u00e1ll\u00e1s:<\/b><span style=\"font-weight: 400;\"> \u00c1ll\u00edtsa fel a s\u00e1torban tart\u00f3zkod\u00f3 szem\u00e9lyzet l\u00e9tsz\u00e1m\u00e1t.<\/span><\/p>\n<p><b>Berendez\u00e9s t\u00e1rol\u00e1sa:<\/b><span style=\"font-weight: 400;\"> Vegye figyelembe, hogy az alapvet\u0151 felszerel\u00e9sek t\u00e1rol\u00e1s\u00e1hoz sz\u00fcks\u00e9ges hely a bent tart\u00f3zkod\u00f3k mellett mekkora.<\/span><\/p>\n<p><b>S\u00faly vs. kapacit\u00e1s:<\/b><span style=\"font-weight: 400;\"> A hat\u00e9kony sz\u00e1ll\u00edt\u00e1s \u00e9rdek\u00e9ben egyens\u00falyozza ki a s\u00e1tor kapacit\u00e1s\u00e1t \u00e9s s\u00faly\u00e1t.<\/span><\/p>\n<h5><\/h5>\n<h5><b>Gyors telep\u00edt\u00e9s<\/b><\/h5>\n<p><b>K\u00f6nny\u0171 be\u00e1ll\u00edt\u00e1s:<\/b><span style=\"font-weight: 400;\"> Adjon els\u0151bbs\u00e9get a gyorsan fel\u00e1ll\u00edthat\u00f3 s\u00e1traknak, hogy minimaliz\u00e1lja az \u00e1ll\u00e1sid\u0151t a terepen.\"<\/span><\/p>\n<p><b>Sz\u00fcks\u00e9ges szem\u00e9lyzet sz\u00e1ma:<\/b><span style=\"font-weight: 400;\"> \u00c9rt\u00e9kelje a hat\u00e9kony s\u00e1tor\u00e1ll\u00edt\u00e1shoz sz\u00fcks\u00e9ges szem\u00e9lyzetet.<\/span><\/p>\n<p><b>Intuit\u00edv \u00f6sszeszerel\u00e9s:<\/b><span style=\"font-weight: 400;\"> Keressen olyan s\u00e1trakat, amelyeknek egy\u00e9rtelm\u0171ek az utas\u00edt\u00e1sai \u00e9s minim\u00e1lisan bonyolult az \u00f6sszeszerel\u00e9se.<\/span><\/p>\n<h5><\/h5>\n<h5><b>\u00c1lc\u00e1z\u00e1s \u00e9s rejt\u0151zk\u00f6d\u00e9s<\/b><\/h5>\n<p><b>K\u00f6rnyezeti kevered\u00e9s:<\/b><span style=\"font-weight: 400;\"> Az optim\u00e1lis \u00e1lc\u00e1z\u00e1s \u00e9rdek\u00e9ben a s\u00e1tor sz\u00edn\u00e9t \u00e9s mint\u00e1zat\u00e1t igaz\u00edtsa a m\u0171veleti terephez.<\/span><\/p>\n<p><b>Blackout k\u00e9pess\u00e9gek:<\/b><span style=\"font-weight: 400;\"> A f\u00e9nyfegyelmet ig\u00e9nyl\u0151 k\u00fcldet\u00e9sekhez fontolja meg az els\u00f6t\u00e9t\u00edt\u0151 funkci\u00f3val ell\u00e1tott s\u00e1trakat.<\/span><\/p>\n<h5><\/h5>\n<h5><b>Id\u0151j\u00e1r\u00e1si ellen\u00e1ll\u00f3 k\u00e9pess\u00e9g<\/b><\/h5>\n<p><b>Anyag tart\u00f3ss\u00e1ga:<\/b><span style=\"font-weight: 400;\"> F\u00f3kusz\u00e1ljon a kiv\u00e1l\u00f3 min\u0151s\u00e9g\u0171 anyagokb\u00f3l, p\u00e9ld\u00e1ul t\u0171z\u00e1ll\u00f3 pamutv\u00e1szonb\u00f3l, v\u00edz\u00e1ll\u00f3 poli\u00e9szterb\u0151l vagy er\u0151s nejlonb\u00f3l k\u00e9sz\u00fclt s\u00e1trakra.<\/span><\/p>\n<p><b>Sz\u00e9l- \u00e9s es\u0151\u00e1ll\u00f3s\u00e1g:<\/b><span style=\"font-weight: 400;\"> Gy\u0151z\u0151dj\u00f6n meg arr\u00f3l, hogy a s\u00e1tor szerkezete ellen\u00e1ll az er\u0151s sz\u00e9lnek \u00e9s a nagy csapad\u00e9knak.<\/span><\/p>\n<p><b>H\u0151m\u00e9rs\u00e9kleti sz\u00e9ls\u0151s\u00e9gek:<\/b><span style=\"font-weight: 400;\"> V\u00e1lasszon a telep\u00edt\u00e9si hely v\u00e1rhat\u00f3 h\u0151m\u00e9rs\u00e9kleti tartom\u00e1ny\u00e1nak megfelel\u0151 s\u00e1trat.<\/span><\/p>\n<h5><\/h5>\n<h5><b>S\u00faly \u00e9s hordozhat\u00f3s\u00e1g<\/b><\/h5>\n<p><b>K\u00f6zleked\u00e9si megfontol\u00e1sok:<\/b><span style=\"font-weight: 400;\"> A katonai s\u00e1traknak k\u00f6nny\u0171nek \u00e9s k\u00f6nnyen sz\u00e1ll\u00edthat\u00f3nak kell lenni\u00fck sz\u00e1razf\u00f6ld\u00f6n, leveg\u0151ben vagy tengeren.<\/span><\/p>\n<p><b>Telep\u00edt\u00e9si logisztika:<\/b><span style=\"font-weight: 400;\"> M\u00e9rje fel a s\u00e1tor s\u00faly\u00e1t \u00e9s csomagolt m\u00e9ret\u00e9t a rendelkez\u00e9sre \u00e1ll\u00f3 sz\u00e1ll\u00edt\u00e1si lehet\u0151s\u00e9gek seg\u00edts\u00e9g\u00e9vel.<\/span><\/p>\n<p><b>S\u00faly vs. jellemz\u0151k:<\/b><span style=\"font-weight: 400;\"> Egyens\u00falyozza a s\u00falyt \u00e9s a k\u00edv\u00e1nt funkci\u00f3kat, mint p\u00e9ld\u00e1ul a kieg\u00e9sz\u00edt\u0151 ajt\u00f3k vagy szell\u0151z\u0151rendszerek.<\/span><\/p>\n<h2><span style=\"font-weight: 400;\">Tov\u00e1bbi funkci\u00f3k a fokozott funkcionalit\u00e1s \u00e9rdek\u00e9ben<\/span><\/h2>\n<p><b>Rovarh\u00e1l\u00f3:<\/b><span style=\"font-weight: 400;\"> Elengedhetetlen a sz\u00fanyogok, legyek \u00e9s m\u00e1s k\u00e1rtev\u0151k t\u00e1voltart\u00e1s\u00e1hoz, k\u00fcl\u00f6n\u00f6sen tr\u00f3pusi k\u00f6rnyezetben.<\/span><\/p>\n<p><b>Szell\u0151z\u0151rendszerek:<\/b><span style=\"font-weight: 400;\"> L\u00e9tfontoss\u00e1g\u00fa a l\u00e9g\u00e1raml\u00e1s \u00e9s a csapatok k\u00e9nyelm\u00e9nek fenntart\u00e1s\u00e1hoz forr\u00f3 vagy p\u00e1r\u00e1s \u00e9ghajlaton.<\/span><\/p>\n<p><b>Modul\u00e1ris b\u0151v\u00edthet\u0151s\u00e9g:<\/b><span style=\"font-weight: 400;\"> Fontolja meg a s\u00e1trakat, amelyekben t\u00f6bb egys\u00e9g \u00f6sszekapcsol\u00e1s\u00e1ra van lehet\u0151s\u00e9g a nagyobb kapacit\u00e1s \u00e9rdek\u00e9ben.<\/span><\/p>\n<p><b>Bels\u0151 t\u00e1rol\u00e1si megold\u00e1sok:<\/b><span style=\"font-weight: 400;\"> Keresse a be\u00e9p\u00edtett zsebekkel vagy szervez\u0151kkel ell\u00e1tott s\u00e1trakat a hat\u00e9kony felszerel\u00e9skezel\u00e9s \u00e9rdek\u00e9ben.<\/span><\/p>\n<p><b>P\u00f3talkatr\u00e9szek \u00e9s jav\u00edt\u00f3k\u00e9szletek:<\/b><span style=\"font-weight: 400;\"> Biztos\u00edtsa a cserealkatr\u00e9szek \u00e9s jav\u00edt\u00f3szersz\u00e1mok k\u00f6nny\u0171 hozz\u00e1f\u00e9rhet\u0151s\u00e9g\u00e9t a kisebb helysz\u00edni jav\u00edt\u00e1sokhoz.<\/span><\/p>\n<h2><span style=\"font-weight: 400;\">V\u00e9gs\u0151 gondolatok a megfelel\u0151 katonai s\u00e1tor kiv\u00e1laszt\u00e1s\u00e1r\u00f3l<\/span><\/h2>\n<p><span style=\"font-weight: 400;\">A  kiv\u00e1laszt\u00e1sa <a href=\"https:\/\/mssdefence.com\/hu\/tarolja\/vedelmi-elemek\/szallas\/\">a megfelel\u0151 katonai s\u00e1tor<\/a> kritikus d\u00f6nt\u00e9s. A fent eml\u00edtett t\u00e9nyez\u0151k gondos m\u00e9rlegel\u00e9s\u00e9vel a katonai beszerz\u00e9si szakemberek biztos\u00edthatj\u00e1k, hogy csapataik rendelkezzenek a feladataik hat\u00e9kony \u00e9s biztons\u00e1gos ell\u00e1t\u00e1s\u00e1hoz sz\u00fcks\u00e9ges mened\u00e9kkel b\u00e1rmilyen k\u00f6rnyezetben. Ne feledje, hogy kutasson a k\u00fcl\u00f6nb\u00f6z\u0151 s\u00e1torgy\u00e1rt\u00f3k ut\u00e1n, hasonl\u00edtsa \u00f6ssze a specifik\u00e1ci\u00f3kat, \u00e9s helyezze el\u0151t\u00e9rbe a tart\u00f3ss\u00e1got, a funkcionalit\u00e1st \u00e9s a k\u00f6nny\u0171 haszn\u00e1latot. Emellett tesztelje a s\u00e1trat sz\u00e9ls\u0151s\u00e9ges k\u00f6r\u00fclm\u00e9nyek k\u00f6z\u00f6tt is, hogy meggy\u0151z\u0151dj\u00f6n annak alkalmass\u00e1g\u00e1r\u00f3l. A megfelel\u0151 inform\u00e1ci\u00f3kkal \u00e9s gondos m\u00e9rlegel\u00e9ssel kiv\u00e1laszthatja az ide\u00e1lis katonai s\u00e1trakat, hogy csapatai v\u00e9dve legyenek \u00e9s k\u00e9szen \u00e1lljanak a k\u00fcldet\u00e9sre.<\/span><\/p>\n<p><span style=\"font-weight: 400;\">K\u00e9szen \u00e1ll arra, hogy megtal\u00e1lja a t\u00f6k\u00e9letes katonai s\u00e1trat a k\u00f6vetkez\u0151 akci\u00f3j\u00e1hoz? Vegye fel a kapcsolatot az MSS Defence szak\u00e9rt\u0151j\u00e9vel m\u00e9g ma az egyedi tan\u00e1csad\u00e1s\u00e9rt \u00e9s a szem\u00e9lyre szabott megold\u00e1sok\u00e9rt.<\/span><\/p>\n<p><a href='https:\/\/mssdefence.com\/hu\/kapcsolatfelvetel\/' class='small-button smallred'>KAPCSOLATFELV\u00c9TEL<\/a> <a href='https:\/\/mssdefence.com\/hu\/tarolja\/vedelmi-elemek\/szallas\/' class='small-button smallblue'>KATAL\u00d3GUS<\/a><\/p>","protected":false},"featured_media":7164,"template":"","blog-category":[],"blog-tag":[],"class_list":["post-7163","blog","type-blog","status-publish","has-post-thumbnail","hentry"],"acf":[],"yoast_head":"<!-- This site is optimized with the Yoast SEO plugin v28.3 - https:\/\/yoast.com\/product\/yoast-seo-wordpress\/ -->\n<title>Choosing the Right Military Tent: A Practical Guide | MSS Defence<\/title>\n<meta name=\"description\" content=\"Read Our Expert Guide to Choosing the Right Military Tent: Key Factors for Optimal Shelter, Durability, and Mission Success\" \/>\n<meta name=\"robots\" content=\"index, follow, max-snippet:-1, max-image-preview:large, max-video-preview:-1\" \/>\n<link rel=\"canonical\" href=\"https:\/\/mssdefence.com\/hu\/blog\/a-megfelelo-katonai-sator-kivalasztasa-gyakorlati-utmutato\/\" \/>\n<meta property=\"og:locale\" content=\"hu_HU\" \/>\n<meta property=\"og:type\" content=\"article\" \/>\n<meta property=\"og:title\" content=\"Choosing the Right Military Tent: A Practical Guide | MSS Defence\" \/>\n<meta property=\"og:description\" content=\"Read Our Expert Guide to Choosing the Right Military Tent: Key Factors for Optimal Shelter, Durability, and Mission Success\" \/>\n<meta property=\"og:url\" content=\"https:\/\/mssdefence.com\/hu\/blog\/a-megfelelo-katonai-sator-kivalasztasa-gyakorlati-utmutato\/\" \/>\n<meta property=\"og:site_name\" content=\"MSS Defence\" \/>\n<meta property=\"og:image\" content=\"https:\/\/mssdefence.com\/wp-content\/uploads\/2024\/07\/Best-Military-Tent-.webp\" \/>\n\t<meta property=\"og:image:width\" content=\"1200\" \/>\n\t<meta property=\"og:image:height\" content=\"628\" \/>\n\t<meta property=\"og:image:type\" content=\"image\/webp\" \/>\n<meta name=\"twitter:card\" content=\"summary_large_image\" \/>\n<meta name=\"twitter:label1\" content=\"Becs\u00fclt olvas\u00e1si id\u0151\" \/>\n\t<meta name=\"twitter:data1\" content=\"3 perc\" \/>\n<script type=\"application\/ld+json\" class=\"yoast-schema-graph\">{\"@context\":\"https:\\\/\\\/schema.org\",\"@graph\":[{\"@type\":\"WebPage\",\"@id\":\"https:\\\/\\\/mssdefence.com\\\/blog\\\/choosing-the-right-military-tent-a-practical-guide\\\/\",\"url\":\"https:\\\/\\\/mssdefence.com\\\/blog\\\/choosing-the-right-military-tent-a-practical-guide\\\/\",\"name\":\"Choosing the Right Military Tent: A Practical Guide | MSS Defence\",\"isPartOf\":{\"@id\":\"https:\\\/\\\/mssdefence.com\\\/#website\"},\"primaryImageOfPage\":{\"@id\":\"https:\\\/\\\/mssdefence.com\\\/blog\\\/choosing-the-right-military-tent-a-practical-guide\\\/#primaryimage\"},\"image\":{\"@id\":\"https:\\\/\\\/mssdefence.com\\\/blog\\\/choosing-the-right-military-tent-a-practical-guide\\\/#primaryimage\"},\"thumbnailUrl\":\"https:\\\/\\\/mssdefence.com\\\/wp-content\\\/uploads\\\/2024\\\/07\\\/Best-Military-Tent-.webp\",\"datePublished\":\"2024-07-02T07:54:42+00:00\",\"description\":\"Read Our Expert Guide to Choosing the Right Military Tent: Key Factors for Optimal Shelter, Durability, and Mission Success\",\"breadcrumb\":{\"@id\":\"https:\\\/\\\/mssdefence.com\\\/blog\\\/choosing-the-right-military-tent-a-practical-guide\\\/#breadcrumb\"},\"inLanguage\":\"hu\",\"potentialAction\":[{\"@type\":\"ReadAction\",\"target\":[\"https:\\\/\\\/mssdefence.com\\\/blog\\\/choosing-the-right-military-tent-a-practical-guide\\\/\"]}]},{\"@type\":\"ImageObject\",\"inLanguage\":\"hu\",\"@id\":\"https:\\\/\\\/mssdefence.com\\\/blog\\\/choosing-the-right-military-tent-a-practical-guide\\\/#primaryimage\",\"url\":\"https:\\\/\\\/mssdefence.com\\\/wp-content\\\/uploads\\\/2024\\\/07\\\/Best-Military-Tent-.webp\",\"contentUrl\":\"https:\\\/\\\/mssdefence.com\\\/wp-content\\\/uploads\\\/2024\\\/07\\\/Best-Military-Tent-.webp\",\"width\":1200,\"height\":628,\"caption\":\"Choosing the Right Military Tent: A Practical Guide\"},{\"@type\":\"BreadcrumbList\",\"@id\":\"https:\\\/\\\/mssdefence.com\\\/blog\\\/choosing-the-right-military-tent-a-practical-guide\\\/#breadcrumb\",\"itemListElement\":[{\"@type\":\"ListItem\",\"position\":1,\"name\":\"Home\",\"item\":\"https:\\\/\\\/mssdefence.com\\\/\"},{\"@type\":\"ListItem\",\"position\":2,\"name\":\"Choosing the Right Military Tent: A Practical Guide\"}]},{\"@type\":\"WebSite\",\"@id\":\"https:\\\/\\\/mssdefence.com\\\/#website\",\"url\":\"https:\\\/\\\/mssdefence.com\\\/\",\"name\":\"MSS Defence\",\"description\":\"\",\"potentialAction\":[{\"@type\":\"SearchAction\",\"target\":{\"@type\":\"EntryPoint\",\"urlTemplate\":\"https:\\\/\\\/mssdefence.com\\\/?s={search_term_string}\"},\"query-input\":{\"@type\":\"PropertyValueSpecification\",\"valueRequired\":true,\"valueName\":\"search_term_string\"}}],\"inLanguage\":\"hu\"}]}<\/script>\n<!-- \/ Yoast SEO plugin. -->","yoast_head_json":{"title":"A megfelel\u0151 katonai s\u00e1tor kiv\u00e1laszt\u00e1sa: MSS Defence","description":"Olvassa el szak\u00e9rt\u0151i \u00fatmutat\u00f3nkat a megfelel\u0151 katonai s\u00e1tor kiv\u00e1laszt\u00e1s\u00e1hoz: A legfontosabb t\u00e9nyez\u0151k az optim\u00e1lis mened\u00e9khez, tart\u00f3ss\u00e1ghoz \u00e9s a k\u00fcldet\u00e9s siker\u00e9hez","robots":{"index":"index","follow":"follow","max-snippet":"max-snippet:-1","max-image-preview":"max-image-preview:large","max-video-preview":"max-video-preview:-1"},"canonical":"https:\/\/mssdefence.com\/hu\/blog\/a-megfelelo-katonai-sator-kivalasztasa-gyakorlati-utmutato\/","og_locale":"hu_HU","og_type":"article","og_title":"Choosing the Right Military Tent: A Practical Guide | MSS Defence","og_description":"Read Our Expert Guide to Choosing the Right Military Tent: Key Factors for Optimal Shelter, Durability, and Mission Success","og_url":"https:\/\/mssdefence.com\/hu\/blog\/a-megfelelo-katonai-sator-kivalasztasa-gyakorlati-utmutato\/","og_site_name":"MSS Defence","og_image":[{"width":1200,"height":628,"url":"https:\/\/mssdefence.com\/wp-content\/uploads\/2024\/07\/Best-Military-Tent-.webp","type":"image\/webp"}],"twitter_card":"summary_large_image","twitter_misc":{"Becs\u00fclt olvas\u00e1si id\u0151":"3 perc"},"schema":{"@context":"https:\/\/schema.org","@graph":[{"@type":"WebPage","@id":"https:\/\/mssdefence.com\/blog\/choosing-the-right-military-tent-a-practical-guide\/","url":"https:\/\/mssdefence.com\/blog\/choosing-the-right-military-tent-a-practical-guide\/","name":"A megfelel\u0151 katonai s\u00e1tor kiv\u00e1laszt\u00e1sa: MSS Defence","isPartOf":{"@id":"https:\/\/mssdefence.com\/#website"},"primaryImageOfPage":{"@id":"https:\/\/mssdefence.com\/blog\/choosing-the-right-military-tent-a-practical-guide\/#primaryimage"},"image":{"@id":"https:\/\/mssdefence.com\/blog\/choosing-the-right-military-tent-a-practical-guide\/#primaryimage"},"thumbnailUrl":"https:\/\/mssdefence.com\/wp-content\/uploads\/2024\/07\/Best-Military-Tent-.webp","datePublished":"2024-07-02T07:54:42+00:00","description":"Olvassa el szak\u00e9rt\u0151i \u00fatmutat\u00f3nkat a megfelel\u0151 katonai s\u00e1tor kiv\u00e1laszt\u00e1s\u00e1hoz: A legfontosabb t\u00e9nyez\u0151k az optim\u00e1lis mened\u00e9khez, tart\u00f3ss\u00e1ghoz \u00e9s a k\u00fcldet\u00e9s siker\u00e9hez","breadcrumb":{"@id":"https:\/\/mssdefence.com\/blog\/choosing-the-right-military-tent-a-practical-guide\/#breadcrumb"},"inLanguage":"hu","potentialAction":[{"@type":"ReadAction","target":["https:\/\/mssdefence.com\/blog\/choosing-the-right-military-tent-a-practical-guide\/"]}]},{"@type":"ImageObject","inLanguage":"hu","@id":"https:\/\/mssdefence.com\/blog\/choosing-the-right-military-tent-a-practical-guide\/#primaryimage","url":"https:\/\/mssdefence.com\/wp-content\/uploads\/2024\/07\/Best-Military-Tent-.webp","contentUrl":"https:\/\/mssdefence.com\/wp-content\/uploads\/2024\/07\/Best-Military-Tent-.webp","width":1200,"height":628,"caption":"Choosing the Right Military Tent: A Practical Guide"},{"@type":"BreadcrumbList","@id":"https:\/\/mssdefence.com\/blog\/choosing-the-right-military-tent-a-practical-guide\/#breadcrumb","itemListElement":[{"@type":"ListItem","position":1,"name":"Home","item":"https:\/\/mssdefence.com\/"},{"@type":"ListItem","position":2,"name":"Choosing the Right Military Tent: A Practical Guide"}]},{"@type":"WebSite","@id":"https:\/\/mssdefence.com\/#website","url":"https:\/\/mssdefence.com\/","name":"MSS V\u00e9delem","description":"","potentialAction":[{"@type":"SearchAction","target":{"@type":"EntryPoint","urlTemplate":"https:\/\/mssdefence.com\/?s={search_term_string}"},"query-input":{"@type":"PropertyValueSpecification","valueRequired":true,"valueName":"search_term_string"}}],"inLanguage":"hu"}]}},"_links":{"self":[{"href":"https:\/\/mssdefence.com\/hu\/wp-json\/wp\/v2\/blog\/7163","targetHints":{"allow":["GET"]}}],"collection":[{"href":"https:\/\/mssdefence.com\/hu\/wp-json\/wp\/v2\/blog"}],"about":[{"href":"https:\/\/mssdefence.com\/hu\/wp-json\/wp\/v2\/types\/blog"}],"wp:featuredmedia":[{"embeddable":true,"href":"https:\/\/mssdefence.com\/hu\/wp-json\/wp\/v2\/media\/7164"}],"wp:attachment":[{"href":"https:\/\/mssdefence.com\/hu\/wp-json\/wp\/v2\/media?parent=7163"}],"wp:term":[{"taxonomy":"blog-category","embeddable":true,"href":"https:\/\/mssdefence.com\/hu\/wp-json\/wp\/v2\/blog-category?post=7163"},{"taxonomy":"blog-tag","embeddable":true,"href":"https:\/\/mssdefence.com\/hu\/wp-json\/wp\/v2\/blog-tag?post=7163"}],"curies":[{"name":"wp","href":"https:\/\/api.w.org\/{rel}","templated":true}]}}